{"id":137240,"date":"2026-04-19T19:27:15","date_gmt":"2026-04-19T12:27:15","guid":{"rendered":"https:\/\/thisav.me\/start-189-caso-de-jovens-adultos-em-uma-casa-de-um-dia\/"},"modified":"2026-04-19T19:30:32","modified_gmt":"2026-04-19T12:30:32","slug":"start-189-caso-de-jovens-adultos-em-uma-casa-de-um-dia","status":"publish","type":"post","link":"https:\/\/supjav.video\/pt-br\/start-189-caso-de-jovens-adultos-em-uma-casa-de-um-dia\/","title":{"rendered":"START-189 Caso de Jovens Adultos em Uma Casa de Um Dia"},"content":{"rendered":"<p>  START-189 Caso Jovem Adulto em Uma Casa de Um Dia Sinopse MINAMO Hoje, instalei uma c\u00e2mera para observar Minamo 24 horas por dia, quando ela mora com o marido, os dois vivem uma vida jovem e o calor que ambos t\u00eam no quarto 9 vezes. Al\u00e9m das necessidades que ambos t\u00eam um pelo outro.<br \/>\n<iframe loading=\"lazy\" class=\"videowrapper\" src=\"https:\/\/fembeqq.xyz\/player\/index.php?data=4a176d0569e599f0513ff3356f0c0f6a\" width=\"300\" height=\"175\" frameborder=\"0\" allowfullscreen=\"allowfullscreen\"><\/iframe><\/p>\n","protected":false},"excerpt":{"rendered":"<p>START-189 Caso Jovem Adulto em Uma Casa de Um Dia Sinopse MINAMO Hoje, instalei uma c\u00e2mera para observar Minamo 24 horas por dia, quando ela mora com o marido, os dois vivem uma vida jovem e o calor que ambos t\u00eam no quarto 9 vezes. Al\u00e9m das necessidades que ambos t\u00eam um pelo outro. [&#8230;]<\/p>\n<p><a class=\"btn btn-primary wpst-read-more-link\" href=\"https:\/\/supjav.video\/pt-br\/start-189-caso-de-jovens-adultos-em-uma-casa-de-um-dia\/\">Read More&#8230;<\/a><\/p>\n","protected":false},"author":2,"featured_media":137190,"comment_status":"closed","ping_status":"open","sticky":false,"template":"","format":"standard","meta":{"footnotes":""},"categories":[114,115],"tags":[3524,323],"actors":[6134],"class_list":["post-137240","post","type-post","status-publish","format-standard","has-post-thumbnail","hentry","category-assista-jav","category-vazamento-sem-censura","tag-comecar","tag-menina-de-cabelo-curto","actors-minamo-pt-br"],"_links":{"self":[{"href":"https:\/\/supjav.video\/pt-br\/wp-json\/wp\/v2\/posts\/137240","targetHints":{"allow":["GET"]}}],"collection":[{"href":"https:\/\/supjav.video\/pt-br\/wp-json\/wp\/v2\/posts"}],"about":[{"href":"https:\/\/supjav.video\/pt-br\/wp-json\/wp\/v2\/types\/post"}],"author":[{"embeddable":true,"href":"https:\/\/supjav.video\/pt-br\/wp-json\/wp\/v2\/users\/2"}],"replies":[{"embeddable":true,"href":"https:\/\/supjav.video\/pt-br\/wp-json\/wp\/v2\/comments?post=137240"}],"version-history":[{"count":0,"href":"https:\/\/supjav.video\/pt-br\/wp-json\/wp\/v2\/posts\/137240\/revisions"}],"wp:featuredmedia":[{"embeddable":true,"href":"https:\/\/supjav.video\/pt-br\/wp-json\/wp\/v2\/media\/137190"}],"wp:attachment":[{"href":"https:\/\/supjav.video\/pt-br\/wp-json\/wp\/v2\/media?parent=137240"}],"wp:term":[{"taxonomy":"category","embeddable":true,"href":"https:\/\/supjav.video\/pt-br\/wp-json\/wp\/v2\/categories?post=137240"},{"taxonomy":"post_tag","embeddable":true,"href":"https:\/\/supjav.video\/pt-br\/wp-json\/wp\/v2\/tags?post=137240"},{"taxonomy":"actors","embeddable":true,"href":"https:\/\/supjav.video\/pt-br\/wp-json\/wp\/v2\/actors?post=137240"}],"curies":[{"name":"wp","href":"https:\/\/api.w.org\/{rel}","templated":true}]}}